{"id":1643,"date":"2022-08-11T11:56:55","date_gmt":"2022-08-11T09:56:55","guid":{"rendered":"https:\/\/www.visitaskoe.dk\/?p=1643"},"modified":"2022-08-11T11:56:58","modified_gmt":"2022-08-11T09:56:58","slug":"h-m-dronning-margrethes-besoeg-paa-fejoe-askoe-og-lilleoe-onsdag-31-august","status":"publish","type":"post","link":"https:\/\/www.visitaskoe.dk\/?p=1643","title":{"rendered":"H.M. Dronning Margrethes bes\u00f8g p\u00e5 Fej\u00f8, Ask\u00f8 og Lille\u00f8 onsdag 31. august"},"content":{"rendered":"\n<h2 class=\"wp-block-heading\"><strong>Program for Dronningens bes\u00f8g<\/strong><\/h2>\n\n\n\n<figure class=\"wp-block-image is-style-default\"><img decoding=\"async\" src=\"https:\/\/www.lolland.dk\/Admin\/Public\/GetImage.ashx?Image=\/Files\/Images\/Lollandkommune\/Aktuelt\/Kampagne\/Kampagne-Kongeskibet-Dannebrog-Foto-JPFoto-feb-2022.jpg&amp;Width=768&amp;Crop=5\" alt=\"\"\/><\/figure>\n\n\n\n<p>\u00d8-charme, historie og driftigt erhvervsliv. Der bliver plads til lidt af det hele, n\u00e5r Hendes Majest\u00e6t Dronningen bes\u00f8ger Fej\u00f8, Ask\u00f8 og Lille\u00f8.<\/p>\n\n\n\n<p>Programmet for Dronningens bes\u00f8g p\u00e5 Fej\u00f8, Ask\u00f8 og Lille\u00f8 den 31. august er nu ved at tage form.<\/p>\n\n\n\n<p>I samarbejde med lokale \u00f8boere, virksomheder, frivillige ildsj\u00e6le og aktive beboerforeninger har Lolland Kommune sammensat et program med en bred vifte af aktiviteter, der hver p\u00e5 sin m\u00e5de pr\u00e6senterer lidt af alt det, som \u00f8-livet i Sm\u00e5landsfarvandet har at byde p\u00e5. Der er i programmet lagt v\u00e6gt p\u00e5 at vise \u00f8ernes lokalsamfund og hverdagsliv.<\/p>\n\n\n\n<p>Programmet ser s\u00e5ledes ud:<\/p>\n\n\n\n<h2 class=\"wp-block-heading\">Program:<\/h2>\n\n\n\n<p>Kl. 10.00: H.M. Dronningen ankommer i chalup til Vesterby Havn p\u00e5 Fej\u00f8.<\/p>\n\n\n\n<p>Kl. 10.10: Bes\u00f8g hos Fej\u00f8 Frugt, Vesterled Frugtplantage.<\/p>\n\n\n\n<p>Kl. 10.55: Bes\u00f8g hos Fej\u00f8 B\u00f8rne- og Kulturhus.<\/p>\n\n\n\n<p>Kl. 11.35: Bes\u00f8g og frokost p\u00e5 Hideaway ving\u00e5rd og trakt\u00f8rsted.<\/p>\n\n\n\n<p>Kl. 13.00: Officiel ceremoni p\u00e5 Dybvig Havn.<\/p>\n\n\n\n<p>Kl. 13.20: H.M. Dronningen forlader Fej\u00f8 og s\u00e6tter kurs mod Ask\u00f8\/Lille\u00f8.<\/p>\n\n\n\n<p>Kl. 13.45: H.M. Dronningen ankommer til Ask\u00f8 Havn.<\/p>\n\n\n\n<p>Kl. 14.00: Bes\u00f8g p\u00e5 Ask\u00f8 Museum.<\/p>\n\n\n\n<p>Kl. 14.30: Bes\u00f8g hos Andelsk\u00f8bmanden.<\/p>\n\n\n\n<p>Kl. 14.50: Bes\u00f8g hos Lille\u00f8s g\u00e5rdbutik, frugt- og vinplantage.<\/p>\n\n\n\n<p>Kl. 15.30: Afslutning ved familien Sauntes jagthytte.<\/p>\n\n\n\n<p>Kl. 16.15: H.M. Dronningen forlader Ask\u00f8\/Lille\u00f8.<\/p>\n\n\n\n<p><em>Kilde: Lolland Kommune<\/em><\/p>\n","protected":false},"excerpt":{"rendered":"<p>Program for Dronningens bes\u00f8g \u00d8-charme, historie og driftigt erhvervsliv. Der bliver plads til lidt af det hele, n\u00e5r Hendes Majest\u00e6t Dronningen bes\u00f8ger Fej\u00f8, Ask\u00f8 og Lille\u00f8. Programmet for Dronningens bes\u00f8g &hellip; <a href=\"https:\/\/www.visitaskoe.dk\/?p=1643\" class=\"more-link\">Continue reading <span class=\"screen-reader-text\">H.M. Dronning Margrethes bes\u00f8g p\u00e5 Fej\u00f8, Ask\u00f8 og Lille\u00f8 onsdag 31. august<\/span><\/a><\/p>\n","protected":false},"author":2,"featured_media":0,"comment_status":"closed","ping_status":"closed","sticky":false,"template":"","format":"standard","meta":{"_lmt_disableupdate":"","_lmt_disable":"","_jetpack_memberships_contains_paid_content":false,"footnotes":""},"categories":[11,10],"tags":[],"class_list":["post-1643","post","type-post","status-publish","format-standard","hentry","category-arrangement","category-nyhedsmail-14-marts-2024"],"aioseo_notices":[],"modified_by":"Bent Hansen","jetpack_featured_media_url":"","jetpack_likes_enabled":true,"jetpack_sharing_enabled":true,"_links":{"self":[{"href":"https:\/\/www.visitaskoe.dk\/index.php?rest_route=\/wp\/v2\/posts\/1643","targetHints":{"allow":["GET"]}}],"collection":[{"href":"https:\/\/www.visitaskoe.dk\/index.php?rest_route=\/wp\/v2\/posts"}],"about":[{"href":"https:\/\/www.visitaskoe.dk\/index.php?rest_route=\/wp\/v2\/types\/post"}],"author":[{"embeddable":true,"href":"https:\/\/www.visitaskoe.dk\/index.php?rest_route=\/wp\/v2\/users\/2"}],"replies":[{"embeddable":true,"href":"https:\/\/www.visitaskoe.dk\/index.php?rest_route=%2Fwp%2Fv2%2Fcomments&post=1643"}],"version-history":[{"count":1,"href":"https:\/\/www.visitaskoe.dk\/index.php?rest_route=\/wp\/v2\/posts\/1643\/revisions"}],"predecessor-version":[{"id":1644,"href":"https:\/\/www.visitaskoe.dk\/index.php?rest_route=\/wp\/v2\/posts\/1643\/revisions\/1644"}],"wp:attachment":[{"href":"https:\/\/www.visitaskoe.dk\/index.php?rest_route=%2Fwp%2Fv2%2Fmedia&parent=1643"}],"wp:term":[{"taxonomy":"category","embeddable":true,"href":"https:\/\/www.visitaskoe.dk\/index.php?rest_route=%2Fwp%2Fv2%2Fcategories&post=1643"},{"taxonomy":"post_tag","embeddable":true,"href":"https:\/\/www.visitaskoe.dk\/index.php?rest_route=%2Fwp%2Fv2%2Ftags&post=1643"}],"curies":[{"name":"wp","href":"https:\/\/api.w.org\/{rel}","templated":true}]}}