{"id":1877,"date":"2024-03-23T09:37:52","date_gmt":"2024-03-23T08:37:52","guid":{"rendered":"https:\/\/www.visitaskoe.dk\/?p=1877"},"modified":"2024-03-23T10:33:25","modified_gmt":"2024-03-23T09:33:25","slug":"nyhedsmail-til-oe-repraesentanter","status":"publish","type":"post","link":"https:\/\/www.visitaskoe.dk\/?p=1877","title":{"rendered":"Nyhedsmail &#8211; til \u00d8-repr\u00e6sentanter"},"content":{"rendered":"\n<blockquote class=\"wp-block-quote is-layout-flow wp-block-quote-is-layout-flow\">\n<blockquote class=\"wp-block-quote is-layout-flow wp-block-quote-is-layout-flow\">\n<p><\/p>\n\n\n\n<p><strong>fra&nbsp;<\/strong>S<strong>ammenslutningen af Danske Sm\u00e5\u00f8er, 14. marts 2024<\/strong><\/p>\n\n\n\n<p><strong>K\u00e6re \u00d8-repr\u00e6sentanter og beboerform\u00e6nd samt bestyrelse i Sammenslutningen af Danske Sm\u00e5\u00f8er (SaDS)<\/strong><\/p>\n\n\n\n<p>\u00d8&nbsp;&nbsp;<strong><u>Materiale fra onlinem\u00f8de om planloven<\/u><\/strong><\/p>\n\n\n\n<p>Onsdag den 28. februar var der onlinem\u00f8de med konsulent i Plan- og Landdistriktsstyrelsen Nete Herskind om planloven og \u00f8-udviklingsplaner.<br>En optagelse af hele m\u00f8det og Netes pr\u00e6sentation kan ses p\u00e5 vores hjemmeside her:&nbsp;<a href=\"https:\/\/danske-smaaoer.dk\/nyheder\/webinar-om-planloven\/\" target=\"_blank\" rel=\"noreferrer noopener\">https:\/\/danske-smaaoer.dk\/nyheder\/webinar-om-planloven\/<\/a><\/p>\n\n\n\n<p>\u00d8&nbsp;&nbsp;<strong><u>Invitationer til generalforsamlingen er sendt ud<\/u><\/strong><\/p>\n\n\n\n<p>Invitationer med forel\u00f8bigt program og link til online tilmelding er sendt ud til alle \u00f8-repr\u00e6sentanter.<br><strong>Vi beder om, at I tilmelder jer hurtigst muligt af hensyn til planl\u00e6gningen og aller senest den 8. april.<\/strong><br>Du finder alle praktiske informationer om generalforsamlingsweekenden i mailen fra den 5. marts med invitation, program etc.<\/p>\n\n\n\n<p>\u00d8&nbsp;&nbsp;<strong><u>CO2 afgift p\u00e5 f\u00e6rger<br><\/u><\/strong>Der er nye regler p\u00e5 vej for CO2 afgifter p\u00e5 skibe, herunder f\u00e6rger. Som det ser ud nu, vil sm\u00e5\u00f8-f\u00e6rgerne blive p\u00e5lagt en h\u00f8jere br\u00e6ndstofafgift allerede fra 2025. SaDS har sendt et h\u00f8ringssvar, hvor vi kraftigt anbefaler at sm\u00e5\u00f8-f\u00e6rgerne undtages, og at der i stedet afs\u00e6ttes midler til, at oml\u00e6gge f\u00e6rgedriften til gr\u00f8nne f\u00e6rger. H\u00f8ringssvaret kan ses i Dokumentbanken p\u00e5 hjemmesiden her:&nbsp;<a href=\"https:\/\/danske-smaaoer.dk\/hoeringssvar\/hoeringssvar-vedr-co2afgift\/\" target=\"_blank\" rel=\"noreferrer noopener\">https:\/\/danske-smaaoer.dk\/hoeringssvar\/hoeringssvar-vedr-co2afgift\/<\/a><\/p>\n\n\n\n<p>\u00d8&nbsp;&nbsp;<strong><u>Beslutningsforslag om st\u00f8tte til unge \u00f8boere under uddannelse fremsat i Folketinget<br><\/u><\/strong>SF har fremsat et beslutningsforslag til Folketinget om at sikre lige vilk\u00e5r for unge sm\u00e5\u00f8boere, der bliver n\u00f8dt til at flytte hjemmefra for at starte p\u00e5 en ungdomsuddannelse.<\/p>\n\n\n\n<p>Forslaget l\u00e6gger op til, at for\u00e6ldrene til den unge modtager et bel\u00f8b, der skal hj\u00e6lpe med at betale for de ekstra udgifter, der er forbundet med, at den unge m\u00e5 flytte til fastlandet.<\/p>\n\n\n\n<p>Hj\u00e6lpen skal g\u00e6lde indtil den unge fylder 18 og kan modtage udeboende SU.<\/p>\n\n\n\n<p>Det er en sag, som Sammenslutningen af Danske Sm\u00e5\u00f8er har arbejdet for i flere \u00e5r. Vi bakker derfor helhjertet op om beslutningsforslaget.<\/p>\n\n\n\n<p>L\u00e6s beslutningsforslaget her:&nbsp;<a href=\"https:\/\/www.retsinformation.dk\/eli\/ft\/20231BB00146?fbclid=IwAR1fSB3Ry7ToDLVlAUXj9DeUK1BPoeyZIFRo-WOkTWOrvBBjQp1sFDcYpoM\" target=\"_blank\" rel=\"noreferrer noopener\">https:\/\/www.retsinformation.dk\/eli\/ft\/20231BB00146?fbclid=IwAR1fSB3Ry7ToDLVlAUXj9DeUK1BPoeyZIFRo-WOkTWOrvBBjQp1sFDcYpoM<\/a><\/p>\n\n\n\n<p>\u00d8&nbsp;&nbsp;<strong><u>Der er \u00e5bent for ans\u00f8gninger til Landdistriktspuljen<\/u><\/strong><br>Puljen uddeler midler til projekter p\u00e5 de sm\u00e5 \u00f8er, forskningsprojekter, projekter i landdistrikter med landvindm\u00f8ller og solcelleparker samt til lokalsamfund, der \u00f8nsker at etablere og udvikle borgerdrevne dagligvarebutikker.<\/p>\n\n\n\n<p>Ans\u00f8gninger til Landdistriktspuljens f\u00f8rste runde 2024 skal v\u00e6re Plan- og Landdistriktsstyrelsen i h\u00e6nde inden 17. april kl. 12.00. L\u00e6s mere her:&nbsp;<a href=\"https:\/\/livogland.dk\/stoettemuligheder\/landdistriktspuljen\" target=\"_blank\" rel=\"noreferrer noopener\">https:\/\/livogland.dk\/stoettemuligheder\/landdistriktspuljen<\/a><\/p>\n\n\n\n<p>\u00d8&nbsp;&nbsp;<strong><u>\u00d8-Posten er afsendt til \u00f8erne<\/u><\/strong><\/p>\n\n\n\n<p>Marts nummeret af \u00d8-Posten, som er nummer 195 i r\u00e6kken, er afsendt fra trykkeriet til \u00f8erne. Bladet kan ogs\u00e5 l\u00e6ses p\u00e5 vores hjemmeside under fanebladet \u201d\u00d8-Posten\u201d.<\/p>\n\n\n\n<p>\u00d8&nbsp;&nbsp;<strong><u>Referater fra bestyrelsesm\u00f8de den 30. januar 2024<\/u><\/strong><br>Referatet er vedh\u00e6ftet.<br>N\u00e6ste bestyrelsesm\u00f8de afholdes den 15. april.<\/p>\n\n\n\n<p>Med venlig hilsen<\/p>\n\n\n\n<p><strong>Ann-Britt N\u00f8rgaard<br><\/strong><strong>Kommunikation og netv\u00e6rk<\/strong><\/p>\n\n\n\n<p><strong>Sammenslutningen af Danske Sm\u00e5\u00f8er<\/strong><\/p>\n\n\n\n<p><strong>Association of danish Small Islands<\/strong><\/p>\n\n\n\n<p>Stryn\u00f8 Brovej 12&nbsp;&nbsp; |&nbsp; 5943 Stryn\u00f8&nbsp;&nbsp; |&nbsp;&nbsp; Denmark<\/p>\n\n\n\n<p>Tlf: 28 83 70 90<\/p>\n\n\n\n<p><a href=\"http:\/\/www.danske-smaaoer.dk\/\" target=\"_blank\" rel=\"noreferrer noopener\">www.danske-smaaoer.dk<\/a><\/p>\n\n\n\n<figure class=\"wp-block-image\"><img decoding=\"async\" src=\"https:\/\/mail.google.com\/mail\/u\/0?ui=2&amp;ik=993e5170e6&amp;attid=0.1.1&amp;permmsgid=msg-f:1793905526678814915&amp;th=18e53b926e4d00c3&amp;view=fimg&amp;fur=ip&amp;sz=s0-l75-ft&amp;attbid=ANGjdJ8XMubIBjaQo0RtnK6jW6WdCFYihEE8fjA2C_Oyh1vikm_f9Cra6eaS88upIYllR7vK8I78lDMZpNnlO2BvIXjuWJYJYT1HF_a3CvmhFCBWfVuPDiCUUqUlPcQ&amp;disp=emb\" alt=\"image002.png\"\/><\/figure>\n<\/blockquote>\n<\/blockquote>\n","protected":false},"excerpt":{"rendered":"","protected":false},"author":1,"featured_media":0,"comment_status":"open","ping_status":"open","sticky":false,"template":"","format":"standard","meta":{"_lmt_disableupdate":"","_lmt_disable":"","_jetpack_memberships_contains_paid_content":false,"footnotes":""},"categories":[16,1],"tags":[],"class_list":["post-1877","post","type-post","status-publish","format-standard","hentry","category-danske-smaaoeer","category-uncategorized"],"aioseo_notices":[],"modified_by":"admin","jetpack_featured_media_url":"","jetpack_likes_enabled":true,"jetpack_sharing_enabled":true,"_links":{"self":[{"href":"https:\/\/www.visitaskoe.dk\/index.php?rest_route=\/wp\/v2\/posts\/1877","targetHints":{"allow":["GET"]}}],"collection":[{"href":"https:\/\/www.visitaskoe.dk\/index.php?rest_route=\/wp\/v2\/posts"}],"about":[{"href":"https:\/\/www.visitaskoe.dk\/index.php?rest_route=\/wp\/v2\/types\/post"}],"author":[{"embeddable":true,"href":"https:\/\/www.visitaskoe.dk\/index.php?rest_route=\/wp\/v2\/users\/1"}],"replies":[{"embeddable":true,"href":"https:\/\/www.visitaskoe.dk\/index.php?rest_route=%2Fwp%2Fv2%2Fcomments&post=1877"}],"version-history":[{"count":2,"href":"https:\/\/www.visitaskoe.dk\/index.php?rest_route=\/wp\/v2\/posts\/1877\/revisions"}],"predecessor-version":[{"id":1879,"href":"https:\/\/www.visitaskoe.dk\/index.php?rest_route=\/wp\/v2\/posts\/1877\/revisions\/1879"}],"wp:attachment":[{"href":"https:\/\/www.visitaskoe.dk\/index.php?rest_route=%2Fwp%2Fv2%2Fmedia&parent=1877"}],"wp:term":[{"taxonomy":"category","embeddable":true,"href":"https:\/\/www.visitaskoe.dk\/index.php?rest_route=%2Fwp%2Fv2%2Fcategories&post=1877"},{"taxonomy":"post_tag","embeddable":true,"href":"https:\/\/www.visitaskoe.dk\/index.php?rest_route=%2Fwp%2Fv2%2Ftags&post=1877"}],"curies":[{"name":"wp","href":"https:\/\/api.w.org\/{rel}","templated":true}]}}